{"id":2679,"date":"2020-02-15T18:37:45","date_gmt":"2020-02-15T18:37:45","guid":{"rendered":"https:\/\/www.immobilien-schreiber.com\/2021\/?p=2679"},"modified":"2024-06-10T13:53:47","modified_gmt":"2024-06-10T13:53:47","slug":"4129","status":"publish","type":"post","link":"https:\/\/www.immobilien-schreiber.com\/2021\/kaufen\/4129\/","title":{"rendered":"Eigentumswohnung zentral gelegen"},"content":{"rendered":"<div class=\"flex_column av_one_full  flex_column_div av-zero-column-padding first  avia-builder-el-0  el_before_av_hr  avia-builder-el-first  \" style='border-radius:0px; '><section class=\"av_textblock_section \"  itemscope=\"itemscope\" itemtype=\"https:\/\/schema.org\/BlogPosting\" itemprop=\"blogPost\" ><div class='avia_textblock  '   itemprop=\"text\" ><h1><strong>Eigentumswohnung zentral gelegen<\/strong><\/h1>\n<h2><\/h2>\n<h1><\/h1>\n<\/div><\/section><\/div>\n<div  style='height:20px' class='hr hr-invisible   avia-builder-el-2  el_after_av_one_full  el_before_av_two_third '><span class='hr-inner ' ><span class='hr-inner-style'><\/span><\/span><\/div>\n<div class=\"flex_column av_two_third  flex_column_div av-zero-column-padding first  avia-builder-el-3  el_after_av_hr  el_before_av_one_third  \" style='border-radius:0px; '><p><div   data-size='portfolio'  data-lightbox_size='large'  data-animation='slide'  data-conditional_play='confirm_all'  data-ids='4064,4065,4066,4067,4068,4069,4070,4071,4072,4073,4074,4075,4105'  data-video_counter='0'  data-autoplay='true'  data-bg_slider='false'  data-slide_height=''  data-handle='av_slideshow'  data-interval='2'  data-class=' avia-builder-el-4  el_before_av_textblock  avia-builder-el-first   avia-small-width-slider'  data-el_id=''  data-css_id=''  data-scroll_down=''  data-control_layout='av-control-minimal'  data-custom_markup=''  data-perma_caption=''  data-autoplay_stopper=''  data-image_attachment=''  data-min_height='0px'  data-lazy_loading='disabled'  data-default-height='80.808080808081'  class='avia-slideshow avia-slideshow-1  av-control-minimal av-default-height-applied avia-slideshow-portfolio av_slideshow  avia-builder-el-4  el_before_av_textblock  avia-builder-el-first   avia-small-width-slider avia-slide-slider '  itemprop=\"image\" itemscope=\"itemscope\" itemtype=\"https:\/\/schema.org\/ImageObject\" ><ul class='avia-slideshow-inner ' style='padding-bottom: 80.808080808081%;' ><li  class=' slide-1 ' ><div data-rel='slideshow-1' class='avia-slide-wrap '   ><img decoding=\"async\" class=\"wp-image-4064 avia-img-lazy-loading-not-4064\"  src=\"https:\/\/www.immobilien-schreiber.com\/2021\/wp-content\/uploads\/2021\/02\/IMG_1575-2-495x400.jpg\" width=\"495\" height=\"400\" title='IMG_1575' alt='Immobilienmakler Krefeld'  itemprop=\"thumbnailUrl\"   \/><\/div><\/li><li  class=' slide-2 ' ><div data-rel='slideshow-1' class='avia-slide-wrap '   ><img decoding=\"async\" class=\"wp-image-4065 avia-img-lazy-loading-not-4065\"  src=\"https:\/\/www.immobilien-schreiber.com\/2021\/wp-content\/uploads\/2021\/02\/IMG_1579-495x400.jpg\" width=\"495\" height=\"400\" title='IMG_1579' alt='Immobilienmakler Krefeld'  itemprop=\"thumbnailUrl\"   \/><\/div><\/li><li  class=' slide-3 ' ><div data-rel='slideshow-1' class='avia-slide-wrap '   ><img decoding=\"async\" class=\"wp-image-4066 avia-img-lazy-loading-not-4066\"  src=\"https:\/\/www.immobilien-schreiber.com\/2021\/wp-content\/uploads\/2021\/02\/IMG_1582-495x400.jpg\" width=\"495\" height=\"400\" title='IMG_1582' alt='Immobilienmakler Krefeld'  itemprop=\"thumbnailUrl\"   \/><\/div><\/li><li  class=' slide-4 ' ><div data-rel='slideshow-1' class='avia-slide-wrap '   ><img decoding=\"async\" class=\"wp-image-4067 avia-img-lazy-loading-not-4067\"  src=\"https:\/\/www.immobilien-schreiber.com\/2021\/wp-content\/uploads\/2021\/02\/IMG_1586-495x400.jpg\" width=\"495\" height=\"400\" title='IMG_1586' alt='Immobilienmakler Krefeld'  itemprop=\"thumbnailUrl\"   \/><\/div><\/li><li  class=' slide-5 ' ><div data-rel='slideshow-1' class='avia-slide-wrap '   ><img decoding=\"async\" class=\"wp-image-4068 avia-img-lazy-loading-not-4068\"  src=\"https:\/\/www.immobilien-schreiber.com\/2021\/wp-content\/uploads\/2021\/02\/IMG_1594-495x400.jpg\" width=\"495\" height=\"400\" title='IMG_1594' alt='Immobilienmakler Krefeld'  itemprop=\"thumbnailUrl\"   \/><\/div><\/li><li  class=' slide-6 ' ><div data-rel='slideshow-1' class='avia-slide-wrap '   ><img decoding=\"async\" class=\"wp-image-4069 avia-img-lazy-loading-not-4069\"  src=\"https:\/\/www.immobilien-schreiber.com\/2021\/wp-content\/uploads\/2021\/02\/IMG_1599-495x400.jpg\" width=\"495\" height=\"400\" title='IMG_1599' alt='Immobilienmakler Krefeld'  itemprop=\"thumbnailUrl\"   \/><\/div><\/li><li  class=' slide-7 ' ><div data-rel='slideshow-1' class='avia-slide-wrap '   ><img decoding=\"async\" class=\"wp-image-4070 avia-img-lazy-loading-not-4070\"  src=\"https:\/\/www.immobilien-schreiber.com\/2021\/wp-content\/uploads\/2021\/02\/IMG_1801-495x400.jpg\" width=\"495\" height=\"400\" title='IMG_1801' alt='Immobilienmakler Krefeld'  itemprop=\"thumbnailUrl\"   \/><\/div><\/li><li  class=' slide-8 ' ><div data-rel='slideshow-1' class='avia-slide-wrap '   ><img decoding=\"async\" class=\"wp-image-4071 avia-img-lazy-loading-not-4071\"  src=\"https:\/\/www.immobilien-schreiber.com\/2021\/wp-content\/uploads\/2021\/02\/IMG_1802-495x400.jpg\" width=\"495\" height=\"400\" title='IMG_1802' alt='Immobilienmakler Krefeld'  itemprop=\"thumbnailUrl\"   \/><\/div><\/li><li  class=' slide-9 ' ><div data-rel='slideshow-1' class='avia-slide-wrap '   ><img decoding=\"async\" class=\"wp-image-4072 avia-img-lazy-loading-not-4072\"  src=\"https:\/\/www.immobilien-schreiber.com\/2021\/wp-content\/uploads\/2021\/02\/IMG_1803-495x400.jpg\" width=\"495\" height=\"400\" title='IMG_1803' alt='Immobilienmakler Krefeld'  itemprop=\"thumbnailUrl\"   \/><\/div><\/li><li  class=' slide-10 ' ><div data-rel='slideshow-1' class='avia-slide-wrap '   ><img decoding=\"async\" class=\"wp-image-4073 avia-img-lazy-loading-not-4073\"  src=\"https:\/\/www.immobilien-schreiber.com\/2021\/wp-content\/uploads\/2021\/02\/IMG_1805-495x400.jpg\" width=\"495\" height=\"400\" title='IMG_1805' alt='Immobilienmakler Krefeld'  itemprop=\"thumbnailUrl\"   \/><\/div><\/li><li  class=' slide-11 ' ><div data-rel='slideshow-1' class='avia-slide-wrap '   ><img decoding=\"async\" class=\"wp-image-4074 avia-img-lazy-loading-not-4074\"  src=\"https:\/\/www.immobilien-schreiber.com\/2021\/wp-content\/uploads\/2021\/02\/IMG_1807-495x400.jpg\" width=\"495\" height=\"400\" title='IMG_1807' alt='Immobilienmakler Krefeld'  itemprop=\"thumbnailUrl\"   \/><\/div><\/li><li  class=' slide-12 ' ><div data-rel='slideshow-1' class='avia-slide-wrap '   ><img decoding=\"async\" class=\"wp-image-4075 avia-img-lazy-loading-not-4075\"  src=\"https:\/\/www.immobilien-schreiber.com\/2021\/wp-content\/uploads\/2021\/02\/IMG_1811-495x400.jpg\" width=\"495\" height=\"400\" title='IMG_1811' alt='Immobilienmakler Krefeld'  itemprop=\"thumbnailUrl\"   \/><\/div><\/li><li  class=' slide-13 ' ><div data-rel='slideshow-1' class='avia-slide-wrap '   ><img decoding=\"async\" class=\"wp-image-4105 avia-img-lazy-loading-not-4105\"  src=\"https:\/\/www.immobilien-schreiber.com\/2021\/wp-content\/uploads\/2021\/03\/Logo-Wahatsapp-495x400.jpg\" width=\"495\" height=\"400\" title='Logo-Wahatsapp' alt='Immobilienmakler Krefeld'  itemprop=\"thumbnailUrl\" srcset=\"https:\/\/www.immobilien-schreiber.com\/2021\/wp-content\/uploads\/2021\/03\/Logo-Wahatsapp-495x400.jpg 495w, https:\/\/www.immobilien-schreiber.com\/2021\/wp-content\/uploads\/2021\/03\/Logo-Wahatsapp-845x684.jpg 845w\" sizes=\"(max-width: 495px) 100vw, 495px\" \/><\/div><\/li><\/ul><div class='avia-slideshow-arrows avia-slideshow-controls'><a href='#prev' class='prev-slide' aria-hidden='true' data-av_icon='\ue87c' data-av_iconfont='entypo-fontello'>Zur\u00fcck<\/a><a href='#next' class='next-slide' aria-hidden='true' data-av_icon='\ue87d' data-av_iconfont='entypo-fontello'>Weiter<\/a><\/div><div class='avia-slideshow-dots avia-slideshow-controls'><a href='#1' class='goto-slide active' >1<\/a><a href='#2' class='goto-slide ' >2<\/a><a href='#3' class='goto-slide ' >3<\/a><a href='#4' class='goto-slide ' >4<\/a><a href='#5' class='goto-slide ' >5<\/a><a href='#6' class='goto-slide ' >6<\/a><a href='#7' class='goto-slide ' >7<\/a><a href='#8' class='goto-slide ' >8<\/a><a href='#9' class='goto-slide ' >9<\/a><a href='#10' class='goto-slide ' >10<\/a><a href='#11' class='goto-slide ' >11<\/a><a href='#12' class='goto-slide ' >12<\/a><a href='#13' class='goto-slide ' >13<\/a><\/div><\/div><br \/>\n<section class=\"av_textblock_section \"  itemscope=\"itemscope\" itemtype=\"https:\/\/schema.org\/BlogPosting\" itemprop=\"blogPost\" ><div class='avia_textblock  '   itemprop=\"text\" ><h3><strong>Objektbeschreibung<\/strong><\/h3>\n<p><strong>Objektbeschreibung<\/strong><\/p>\n<p>Im 7. Obergeschoss (mit Aufzug) einer sehr gepflegten Wohnanlage, nahe dem Ortskern von Krefeld-Oppum, befindet sich diese sehr gut geschnittene 3 Zimmerwohnung mit ca. 79 Quadratmeter Wohnfl\u00e4che.<\/p>\n<p>In der Wohnung erwartet Sie ein heller Wohn-\/E\u00dfbereich der Ihnen Zugang zum Balkon gew\u00e4hrt. Von hier haben Sie einen wundersch\u00f6nen Blick ins Gr\u00fcne und \u00fcber den Ortsteil Oppum.<\/p>\n<p>Das Objekt verf\u00fcgt \u00fcber 2 weitere Zimmer -teilweise mit bodentiefen Fenstern-, einer K\u00fcche und ein Bad mit Wanne.<\/p>\n<p><strong>Lage<\/strong><\/p>\n<p>Die Immobilie befindet sich in zentraler, ruhigen Lage von Krefeld-Oppum. Der Ortsteil verf\u00fcgt \u00fcber s\u00e4mtliche Gesch\u00e4fte des t\u00e4glichen Bedarfs und einer guten Anbindung an das \u00d6PNV.<\/p>\n<p>Die hervorragende Anbindung an das Autobahnnetz A57\/A40\/A44 macht den Ort f\u00fcr Berufspendler sehr beliebt.<\/p>\n<p>Die Nachbarst\u00e4dte Duisburg, D\u00fcsseldorf und das Rhein- Ruhrgebiet sind schnell zu erreichen.<\/p>\n<p>Der D\u00fcsseldorfer Flughafen ben\u00f6tigt man eine Fahrzeit von 20 Minuten.<\/p>\n<p>Die Naherholungsgebiete Elfrather-See, Egelsberg, Stadtwald und der Golfplatz sind wenige Autominuten entfernt.<\/p>\n<p><strong>Courtage und Haftung<\/strong><\/p>\n<p>Der guten Ordnung halber m\u00f6chten wir darauf aufmerksam machen, dass bei Abschluss eines notariellen Kaufvertrages, der durch unseren Nachweis und\/oder Vermittlung zustande kommt, der K\u00e4ufer an uns 3,57 % Maklerprovision inkl. Gesetzliche MwSt vom Kaufpreis zu zahlen hat. S\u00e4mtliche Angaben erhielten wir vom Eigent\u00fcmer. Bitte haben Sie Verst\u00e4ndnis daf\u00fcr, dass wir jede Haftung f\u00fcr die Richtigkeit der Angaben vollst\u00e4ndig ausschliessen.<\/p>\n<\/div><\/section><br \/>\n<section class=\"av_textblock_section \"  itemscope=\"itemscope\" itemtype=\"https:\/\/schema.org\/BlogPosting\" itemprop=\"blogPost\" ><div class='avia_textblock  '   itemprop=\"text\" ><div class=\"BorlabsCookie\"><div class=\"_brlbs-content-blocker\"> <div class=\"_brlbs-embed _brlbs-google-maps\"> <img class=\"_brlbs-thumbnail\" src=\"https:\/\/www.immobilien-schreiber.com\/2021\/wp-content\/plugins\/borlabs-cookie\/assets\/images\/cb-maps.png\" alt=\"Google Maps\"> <div class=\"_brlbs-caption\"> <p>Mit dem Laden der Karte akzeptieren Sie die Datenschutzerkl\u00e4rung von Google.<br><a href=\"https:\/\/policies.google.com\/privacy\" target=\"_blank\" rel=\"nofollow noopener noreferrer\">Mehr erfahren<\/a><\/p> <p><a class=\"_brlbs-btn\" href=\"#\" data-borlabs-cookie-unblock role=\"button\">Karte laden<\/a><\/p> <p><label><input type=\"checkbox\" name=\"unblockAll\" value=\"1\" checked> <small>Google Maps immer entsperren<\/small><\/label><\/p> <\/div> <\/div> <\/div><div class=\"borlabs-hide\" data-borlabs-cookie-type=\"content-blocker\" data-borlabs-cookie-id=\"googlemaps\"><script type=\"text\/template\">PHA+PGlmcmFtZSBsb2FkaW5nPSJsYXp5IiBzdHlsZT0iYm9yZGVyOiAwOyIgdGFiaW5kZXg9IjAiIHNyYz0iaHR0cHM6Ly93d3cuZ29vZ2xlLmNvbS9tYXBzL2VtYmVkP3BiPSExbTE4ITFtMTIhMW0zITFkMTk5MjEuOTg1MDk0MDc4NzQ3ITJkNi41NzY4NTE4MzIzMjA3OTghM2Q1MS4zODAxMTczOTUzMDg4MSEybTMhMWYwITJmMCEzZjAhM20yITFpMTAyNCEyaTc2OCE0ZjEzLjEhM20zITFtMiExczB4NDdiOGJiMjNhNGEyMDJiYiUzQTB4M2ViMWQxNTdjNzgwMmZlZCEyc1RyYWFyJTJDJTIwNDc4MDIlMjBLcmVmZWxkITVlMCEzbTIhMXNlbiEyc2RlITR2MTYxMzE0MjIwNjUyNCE1bTIhMXNlbiEyc2RlIiB3aWR0aD0iNjAwIiBoZWlnaHQ9IjQ1MCIgZnJhbWVib3JkZXI9IjAiIGFsbG93ZnVsbHNjcmVlbj0iYWxsb3dmdWxsc2NyZWVuIiBhcmlhLWhpZGRlbj0iZmFsc2UiPjwvaWZyYW1lPjwvcD4=<\/script><\/div><\/div>\n<\/div><\/section><br \/>\n<section class=\"av_textblock_section \"  itemscope=\"itemscope\" itemtype=\"https:\/\/schema.org\/BlogPosting\" itemprop=\"blogPost\" ><div class='avia_textblock  '   itemprop=\"text\" ><h3><strong>Lage<\/strong><\/h3>\n<p>Der Ortsteil geh\u00f6rt zu den beliebtesten Wohngebieten in Krefeld. Der Ortsteil verf\u00fcgt \u00fcber s\u00e4mtliche Gesch\u00e4fte des t\u00e4glichen Bedarfs und einer guten Anbindung an das \u00d6PNV. Die hervorragende Anbindung an das Autobahnnetz A57\/A40\/A44 macht den Ort f\u00fcr Berufspendler sehr beliebt.<\/p>\n<h3><strong>Courtage: <\/strong><\/h3>\n<p>Der guten Ordnung halber m\u00f6chten wir darauf aufmerksam machen, dass bei Abschluss eines notariellen Kaufvertrages, der durch unseren Nachweis und\/oder Vermittlung zustande kommt, der K\u00e4ufer an uns 3,57% Maklercourtage inclusive 19% MwSt. vom Kaufpreis zu zahlen hat. S\u00e4mtliche Angaben erhielten wir vom Eigent\u00fcmer. Bitte haben Sie Verst\u00e4ndnis daf\u00fcr, dass wir jede Haftung f\u00fcr die Richtigkeit der Angaben vollst\u00e4ndig ausschlie\u00dfen.<\/p>\n<p>Gerne beraten wir Sie ausf\u00fchrlich zu dieser Immobilie und freuen uns bei ernsthaften Interesse auf Ihre Kontaktaufnahme.<\/p>\n<\/div><\/section><\/p><\/div>\n<div class=\"flex_column av_one_third  flex_column_div   avia-builder-el-8  el_after_av_two_third  el_before_av_hr  \" style='border-width:3px; border-color:#19459d; border-style:solid; padding:20px; border-radius:0px; '><section class=\"av_textblock_section \"  itemscope=\"itemscope\" itemtype=\"https:\/\/schema.org\/BlogPosting\" itemprop=\"blogPost\" ><div class='avia_textblock  '  style='font-size:17px; '  itemprop=\"text\" ><h3>Eigentumswohnung zentral gelegen<\/h3>\n<\/div><\/section><br \/>\n<div  class='avia-icon-list-container   avia-builder-el-10  el_after_av_textblock  el_before_av_textblock '><ul class='avia-icon-list avia-icon-list-left av-iconlist-big avia_animate_when_almost_visible avia-iconlist-animate'>\n<li><div  style='background-color:#ffffff; border:1px solid #19459d; color:#19459d; ' class='iconlist_icon  avia-font-entypo-fontello'><span class='iconlist-char ' aria-hidden='true' data-av_icon='\ue821' data-av_iconfont='entypo-fontello'><\/span><\/div><article class=\"article-icon-entry \"  itemscope=\"itemscope\" itemtype=\"https:\/\/schema.org\/BlogPosting\" itemprop=\"blogPost\" ><div class='iconlist_content_wrap'><header class=\"entry-content-header\"><h4 class='av_iconlist_title iconlist_title   '  itemprop=\"headline\"  >4129<\/h4><\/header><div class='iconlist_content  '  itemprop=\"text\"  ><p>Objekt-Nr.<\/p>\n<\/div><\/div><footer class=\"entry-footer\"><\/footer><\/article><div class='iconlist-timeline'><\/div><\/li>\n<li><div  style='background-color:#ffffff; border:1px solid #19459d; color:#19459d; ' class='iconlist_icon  avia-font-entypo-fontello'><span class='iconlist-char ' aria-hidden='true' data-av_icon='\ue845' data-av_iconfont='entypo-fontello'><\/span><\/div><article class=\"article-icon-entry \"  itemscope=\"itemscope\" itemtype=\"https:\/\/schema.org\/BlogPosting\" itemprop=\"blogPost\" ><div class='iconlist_content_wrap'><header class=\"entry-content-header\"><h4 class='av_iconlist_title iconlist_title   '  itemprop=\"headline\"  >Krefeld - Oppum<\/h4><\/header><div class='iconlist_content  '  itemprop=\"text\"  ><p>Ort<\/p>\n<\/div><\/div><footer class=\"entry-footer\"><\/footer><\/article><div class='iconlist-timeline'><\/div><\/li>\n<li><div  style='background-color:#ffffff; border:1px solid #19459d; color:#19459d; ' class='iconlist_icon  avia-font-entypo-fontello'><span class='iconlist-char ' aria-hidden='true' data-av_icon='\ue827' data-av_iconfont='entypo-fontello'><\/span><\/div><article class=\"article-icon-entry \"  itemscope=\"itemscope\" itemtype=\"https:\/\/schema.org\/BlogPosting\" itemprop=\"blogPost\" ><div class='iconlist_content_wrap'><header class=\"entry-content-header\"><h4 class='av_iconlist_title iconlist_title   '  itemprop=\"headline\"  >92.000 Euro<\/h4><\/header><div class='iconlist_content  '  itemprop=\"text\"  ><p>Kaufpreis<\/p>\n<\/div><\/div><footer class=\"entry-footer\"><\/footer><\/article><div class='iconlist-timeline'><\/div><\/li>\n<li><div  style='background-color:#ffffff; border:1px solid #19459d; color:#19459d; ' class='iconlist_icon  avia-font-entypo-fontello'><span class='iconlist-char ' aria-hidden='true' data-av_icon='\ue840' data-av_iconfont='entypo-fontello'><\/span><\/div><article class=\"article-icon-entry \"  itemscope=\"itemscope\" itemtype=\"https:\/\/schema.org\/BlogPosting\" itemprop=\"blogPost\" ><div class='iconlist_content_wrap'><header class=\"entry-content-header\"><h4 class='av_iconlist_title iconlist_title   '  itemprop=\"headline\"  >Eigentumswohnung<\/h4><\/header><div class='iconlist_content  '  itemprop=\"text\"  ><p>Objektart: Eigentumswohnung<br \/>\nBaujahr: 1970<\/p>\n<\/div><\/div><footer class=\"entry-footer\"><\/footer><\/article><div class='iconlist-timeline'><\/div><\/li>\n<li><div  style='background-color:#ffffff; border:1px solid #19459d; color:#19459d; ' class='iconlist_icon  avia-font-entypo-fontello'><span class='iconlist-char ' aria-hidden='true' data-av_icon='\ue81e' data-av_iconfont='entypo-fontello'><\/span><\/div><article class=\"article-icon-entry \"  itemscope=\"itemscope\" itemtype=\"https:\/\/schema.org\/BlogPosting\" itemprop=\"blogPost\" ><div class='iconlist_content_wrap'><header class=\"entry-content-header\"><h4 class='av_iconlist_title iconlist_title   '  itemprop=\"headline\"  >Details<\/h4><\/header><div class='iconlist_content  '  itemprop=\"text\"  ><p>Wohnfl\u00e4che.: 79 m\u00b2<br \/>\nZimmer: 3<br \/>\nBad: 1<\/p>\n<\/div><\/div><footer class=\"entry-footer\"><\/footer><\/article><div class='iconlist-timeline'><\/div><\/li>\n<li><div  style='background-color:#ffffff; border:1px solid #19459d; color:#19459d; ' class='iconlist_icon  avia-font-entypo-fontello'><span class='iconlist-char ' aria-hidden='true' data-av_icon='\ue8a9' data-av_iconfont='entypo-fontello'><\/span><\/div><article class=\"article-icon-entry \"  itemscope=\"itemscope\" itemtype=\"https:\/\/schema.org\/BlogPosting\" itemprop=\"blogPost\" ><div class='iconlist_content_wrap'><header class=\"entry-content-header\"><h4 class='av_iconlist_title iconlist_title   '  itemprop=\"headline\"  >Energieausweiss<\/h4><\/header><div class='iconlist_content  '  itemprop=\"text\"  ><p>Ausweiss-Typ: Verbrauchsausweiss<br \/>\nEndenergiebedarf: 95,7 Kwh\/(m\u00b2.a)<br \/>\nWesentliche\/r Energietr\u00e4ger: \u00d6l<br \/>\nBaujahr des Geb\u00e4udes: 1968<br \/>\nEnergieeffiziensklasse: C<\/p>\n<\/div><\/div><footer class=\"entry-footer\"><\/footer><\/article><div class='iconlist-timeline'><\/div><\/li>\n<li><div  style='background-color:#ffffff; border:1px solid #19459d; color:#19459d; ' class='iconlist_icon  avia-font-entypo-fontello'><span class='iconlist-char ' aria-hidden='true' data-av_icon='\ue82d' data-av_iconfont='entypo-fontello'><\/span><\/div><article class=\"article-icon-entry \"  itemscope=\"itemscope\" itemtype=\"https:\/\/schema.org\/BlogPosting\" itemprop=\"blogPost\" ><div class='iconlist_content_wrap'><header class=\"entry-content-header\"><h4 class='av_iconlist_title iconlist_title   '  itemprop=\"headline\"  >Expose PDF <\/h4><\/header><div class='iconlist_content  '  itemprop=\"text\"  ><p><a href=\"https:\/\/www.immobilien-schreiber.com\/2021\/wp-content\/uploads\/2021\/03\/Objekt-4128.pdf\">PDF Expose der Immobilie<\/a><\/p>\n<\/div><\/div><footer class=\"entry-footer\"><\/footer><\/article><div class='iconlist-timeline'><\/div><\/li>\n<\/ul><\/div><br \/>\n<section class=\"av_textblock_section \"  itemscope=\"itemscope\" itemtype=\"https:\/\/schema.org\/BlogPosting\" itemprop=\"blogPost\" ><div class='avia_textblock  '   itemprop=\"text\" ><h3><span style=\"color: #000000;\">Grundriss<\/span><\/h3>\n<\/div><\/section><br \/>\n<div  class='avia-image-container  av-styling-    avia-builder-el-12  el_after_av_textblock  el_before_av_hr  avia-align-center '  itemprop=\"image\" itemscope=\"itemscope\" itemtype=\"https:\/\/schema.org\/ImageObject\"  ><div class='avia-image-container-inner'><div class='avia-image-overlay-wrap'><img decoding=\"async\" class='wp-image-0 avia-img-lazy-loading-not-0 avia_image' src=\"https:\/\/www.immobilien-schreiber.com\/2021\/wp-content\/uploads\/1612\/98\/IMG_0604-980x666-1-845x666.jpg\" alt='' title=''   itemprop=\"thumbnailUrl\"  \/><\/div><\/div><\/div><br \/>\n<div  style='height:50px' class='hr hr-invisible   avia-builder-el-13  el_after_av_image  el_before_av_textblock '><span class='hr-inner ' ><span class='hr-inner-style'><\/span><\/span><\/div><br \/>\n<section class=\"av_textblock_section \"  itemscope=\"itemscope\" itemtype=\"https:\/\/schema.org\/BlogPosting\" itemprop=\"blogPost\" ><div class='avia_textblock  '   itemprop=\"text\" ><h3><span style=\"color: #000000;\">Fotos<\/span><\/h3>\n<\/div><\/section><br \/>\n<div   data-size='portfolio'  data-lightbox_size='large'  data-animation='slide'  data-conditional_play='confirm_all'  data-ids='4064,4065,4066,4067,4068,4069,4070,4071,4072,4073,4074,4075,4105'  data-video_counter='0'  data-autoplay='true'  data-bg_slider='false'  data-slide_height=''  data-handle='av_slideshow'  data-interval='2'  data-class=' avia-builder-el-15  el_after_av_textblock  avia-builder-el-last   avia-small-width-slider'  data-el_id=''  data-css_id=''  data-scroll_down=''  data-control_layout='av-control-minimal'  data-custom_markup=''  data-perma_caption=''  data-autoplay_stopper=''  data-image_attachment=''  data-min_height='0px'  data-lazy_loading='disabled'  data-default-height='80.808080808081'  class='avia-slideshow avia-slideshow-2  av-control-minimal av-default-height-applied avia-slideshow-portfolio av_slideshow  avia-builder-el-15  el_after_av_textblock  avia-builder-el-last   avia-small-width-slider avia-slide-slider '  itemprop=\"image\" itemscope=\"itemscope\" itemtype=\"https:\/\/schema.org\/ImageObject\" ><ul class='avia-slideshow-inner ' style='padding-bottom: 80.808080808081%;' ><li  class=' slide-1 ' ><div data-rel='slideshow-2' class='avia-slide-wrap '   ><img decoding=\"async\" class=\"wp-image-4064 avia-img-lazy-loading-not-4064\"  src=\"https:\/\/www.immobilien-schreiber.com\/2021\/wp-content\/uploads\/2021\/02\/IMG_1575-2-495x400.jpg\" width=\"495\" height=\"400\" title='IMG_1575' alt='Immobilienmakler Krefeld'  itemprop=\"thumbnailUrl\"   \/><\/div><\/li><li  class=' slide-2 ' ><div data-rel='slideshow-2' class='avia-slide-wrap '   ><img decoding=\"async\" class=\"wp-image-4065 avia-img-lazy-loading-not-4065\"  src=\"https:\/\/www.immobilien-schreiber.com\/2021\/wp-content\/uploads\/2021\/02\/IMG_1579-495x400.jpg\" width=\"495\" height=\"400\" title='IMG_1579' alt='Immobilienmakler Krefeld'  itemprop=\"thumbnailUrl\"   \/><\/div><\/li><li  class=' slide-3 ' ><div data-rel='slideshow-2' class='avia-slide-wrap '   ><img decoding=\"async\" class=\"wp-image-4066 avia-img-lazy-loading-not-4066\"  src=\"https:\/\/www.immobilien-schreiber.com\/2021\/wp-content\/uploads\/2021\/02\/IMG_1582-495x400.jpg\" width=\"495\" height=\"400\" title='IMG_1582' alt='Immobilienmakler Krefeld'  itemprop=\"thumbnailUrl\"   \/><\/div><\/li><li  class=' slide-4 ' ><div data-rel='slideshow-2' class='avia-slide-wrap '   ><img decoding=\"async\" class=\"wp-image-4067 avia-img-lazy-loading-not-4067\"  src=\"https:\/\/www.immobilien-schreiber.com\/2021\/wp-content\/uploads\/2021\/02\/IMG_1586-495x400.jpg\" width=\"495\" height=\"400\" title='IMG_1586' alt='Immobilienmakler Krefeld'  itemprop=\"thumbnailUrl\"   \/><\/div><\/li><li  class=' slide-5 ' ><div data-rel='slideshow-2' class='avia-slide-wrap '   ><img decoding=\"async\" class=\"wp-image-4068 avia-img-lazy-loading-not-4068\"  src=\"https:\/\/www.immobilien-schreiber.com\/2021\/wp-content\/uploads\/2021\/02\/IMG_1594-495x400.jpg\" width=\"495\" height=\"400\" title='IMG_1594' alt='Immobilienmakler Krefeld'  itemprop=\"thumbnailUrl\"   \/><\/div><\/li><li  class=' slide-6 ' ><div data-rel='slideshow-2' class='avia-slide-wrap '   ><img decoding=\"async\" class=\"wp-image-4069 avia-img-lazy-loading-not-4069\"  src=\"https:\/\/www.immobilien-schreiber.com\/2021\/wp-content\/uploads\/2021\/02\/IMG_1599-495x400.jpg\" width=\"495\" height=\"400\" title='IMG_1599' alt='Immobilienmakler Krefeld'  itemprop=\"thumbnailUrl\"   \/><\/div><\/li><li  class=' slide-7 ' ><div data-rel='slideshow-2' class='avia-slide-wrap '   ><img decoding=\"async\" class=\"wp-image-4070 avia-img-lazy-loading-not-4070\"  src=\"https:\/\/www.immobilien-schreiber.com\/2021\/wp-content\/uploads\/2021\/02\/IMG_1801-495x400.jpg\" width=\"495\" height=\"400\" title='IMG_1801' alt='Immobilienmakler Krefeld'  itemprop=\"thumbnailUrl\"   \/><\/div><\/li><li  class=' slide-8 ' ><div data-rel='slideshow-2' class='avia-slide-wrap '   ><img decoding=\"async\" class=\"wp-image-4071 avia-img-lazy-loading-not-4071\"  src=\"https:\/\/www.immobilien-schreiber.com\/2021\/wp-content\/uploads\/2021\/02\/IMG_1802-495x400.jpg\" width=\"495\" height=\"400\" title='IMG_1802' alt='Immobilienmakler Krefeld'  itemprop=\"thumbnailUrl\"   \/><\/div><\/li><li  class=' slide-9 ' ><div data-rel='slideshow-2' class='avia-slide-wrap '   ><img decoding=\"async\" class=\"wp-image-4072 avia-img-lazy-loading-not-4072\"  src=\"https:\/\/www.immobilien-schreiber.com\/2021\/wp-content\/uploads\/2021\/02\/IMG_1803-495x400.jpg\" width=\"495\" height=\"400\" title='IMG_1803' alt='Immobilienmakler Krefeld'  itemprop=\"thumbnailUrl\"   \/><\/div><\/li><li  class=' slide-10 ' ><div data-rel='slideshow-2' class='avia-slide-wrap '   ><img decoding=\"async\" class=\"wp-image-4073 avia-img-lazy-loading-not-4073\"  src=\"https:\/\/www.immobilien-schreiber.com\/2021\/wp-content\/uploads\/2021\/02\/IMG_1805-495x400.jpg\" width=\"495\" height=\"400\" title='IMG_1805' alt='Immobilienmakler Krefeld'  itemprop=\"thumbnailUrl\"   \/><\/div><\/li><li  class=' slide-11 ' ><div data-rel='slideshow-2' class='avia-slide-wrap '   ><img decoding=\"async\" class=\"wp-image-4074 avia-img-lazy-loading-not-4074\"  src=\"https:\/\/www.immobilien-schreiber.com\/2021\/wp-content\/uploads\/2021\/02\/IMG_1807-495x400.jpg\" width=\"495\" height=\"400\" title='IMG_1807' alt='Immobilienmakler Krefeld'  itemprop=\"thumbnailUrl\"   \/><\/div><\/li><li  class=' slide-12 ' ><div data-rel='slideshow-2' class='avia-slide-wrap '   ><img decoding=\"async\" class=\"wp-image-4075 avia-img-lazy-loading-not-4075\"  src=\"https:\/\/www.immobilien-schreiber.com\/2021\/wp-content\/uploads\/2021\/02\/IMG_1811-495x400.jpg\" width=\"495\" height=\"400\" title='IMG_1811' alt='Immobilienmakler Krefeld'  itemprop=\"thumbnailUrl\"   \/><\/div><\/li><li  class=' slide-13 ' ><div data-rel='slideshow-2' class='avia-slide-wrap '   ><img decoding=\"async\" class=\"wp-image-4105 avia-img-lazy-loading-not-4105\"  src=\"https:\/\/www.immobilien-schreiber.com\/2021\/wp-content\/uploads\/2021\/03\/Logo-Wahatsapp-495x400.jpg\" width=\"495\" height=\"400\" title='Logo-Wahatsapp' alt='Immobilienmakler Krefeld'  itemprop=\"thumbnailUrl\" srcset=\"https:\/\/www.immobilien-schreiber.com\/2021\/wp-content\/uploads\/2021\/03\/Logo-Wahatsapp-495x400.jpg 495w, https:\/\/www.immobilien-schreiber.com\/2021\/wp-content\/uploads\/2021\/03\/Logo-Wahatsapp-845x684.jpg 845w\" sizes=\"(max-width: 495px) 100vw, 495px\" \/><\/div><\/li><\/ul><div class='avia-slideshow-arrows avia-slideshow-controls'><a href='#prev' class='prev-slide' aria-hidden='true' data-av_icon='\ue87c' data-av_iconfont='entypo-fontello'>Zur\u00fcck<\/a><a href='#next' class='next-slide' aria-hidden='true' data-av_icon='\ue87d' data-av_iconfont='entypo-fontello'>Weiter<\/a><\/div><div class='avia-slideshow-dots avia-slideshow-controls'><a href='#1' class='goto-slide active' >1<\/a><a href='#2' class='goto-slide ' >2<\/a><a href='#3' class='goto-slide ' >3<\/a><a href='#4' class='goto-slide ' >4<\/a><a href='#5' class='goto-slide ' >5<\/a><a href='#6' class='goto-slide ' >6<\/a><a href='#7' class='goto-slide ' >7<\/a><a href='#8' class='goto-slide ' >8<\/a><a href='#9' class='goto-slide ' >9<\/a><a href='#10' class='goto-slide ' >10<\/a><a href='#11' class='goto-slide ' >11<\/a><a href='#12' class='goto-slide ' >12<\/a><a href='#13' class='goto-slide ' >13<\/a><\/div><\/div><\/p><\/div>\n<div  style='height:20px' class='hr hr-invisible   avia-builder-el-16  el_after_av_one_third  el_before_av_three_fifth '><span class='hr-inner ' ><span class='hr-inner-style'><\/span><\/span><\/div>\n<div class=\"flex_column av_three_fifth  flex_column_div first  avia-builder-el-17  el_after_av_hr  el_before_av_two_fifth  \" style='background: rgba(25,69,157,0.11); padding:20px; background-color:rgba(25,69,157,0.11); border-radius:0px; '><section class=\"av_textblock_section \"  itemscope=\"itemscope\" itemtype=\"https:\/\/schema.org\/BlogPosting\" itemprop=\"blogPost\" ><div class='avia_textblock  '   itemprop=\"text\" ><h3 class=\"widgettitle\">Anfrage zur Immobilie<\/h3>\n<div role=\"form\" class=\"wpcf7\" id=\"wpcf7-f2291-o1\" lang=\"de-DE\" dir=\"ltr\">\n<div class=\"screen-reader-response\"><p role=\"status\" aria-live=\"polite\" aria-atomic=\"true\"><\/p> <ul><\/ul><\/div>\n<form action=\"\/2021\/wp-json\/wp\/v2\/posts\/2679#wpcf7-f2291-o1\" method=\"post\" class=\"wpcf7-form init\" novalidate=\"novalidate\" data-status=\"init\">\n<div style=\"display: none;\">\n<input type=\"hidden\" name=\"_wpcf7\" value=\"2291\" \/>\n<input type=\"hidden\" name=\"_wpcf7_version\" value=\"5.4.2\" \/>\n<input type=\"hidden\" name=\"_wpcf7_locale\" value=\"de_DE\" \/>\n<input type=\"hidden\" name=\"_wpcf7_unit_tag\" value=\"wpcf7-f2291-o1\" \/>\n<input type=\"hidden\" name=\"_wpcf7_container_post\" value=\"0\" \/>\n<input type=\"hidden\" name=\"_wpcf7_posted_data_hash\" value=\"\" \/>\n<\/div>\n<p><span class=\"wpcf7-form-control-wrap Vorname\"><input type=\"text\" name=\"Vorname\" value=\"Vorname\" size=\"40\" class=\"wpcf7-form-control wpcf7-text wpcf7-validates-as-required Vorname\" id=\"Vorname\" aria-required=\"true\" aria-invalid=\"false\" \/><\/span><br \/>\n<span class=\"wpcf7-form-control-wrap Nachname\"><input type=\"text\" name=\"Nachname\" value=\"Nachname\" size=\"40\" class=\"wpcf7-form-control wpcf7-text wpcf7-validates-as-required Nachname\" id=\"Nachname\" aria-required=\"true\" aria-invalid=\"false\" \/><\/span><br \/>\n<span class=\"wpcf7-form-control-wrap E-Mail\"><input type=\"email\" name=\"E-Mail\" value=\"E-Mail\" size=\"40\" class=\"wpcf7-form-control wpcf7-text wpcf7-email wpcf7-validates-as-required wpcf7-validates-as-email E-Mail\" id=\"E-Mail\" aria-required=\"true\" aria-invalid=\"false\" \/><\/span><br \/>\n<span class=\"wpcf7-form-control-wrap IhreTelefonnummer\"><input type=\"tel\" name=\"IhreTelefonnummer\" value=\"Telefonnummer\" size=\"40\" class=\"wpcf7-form-control wpcf7-text wpcf7-tel wpcf7-validates-as-tel Telefonnummer\" id=\"Telefonnummer\" aria-invalid=\"false\" \/><\/span><br \/>\n<span class=\"wpcf7-form-control-wrap Nachricht\"><textarea name=\"Nachricht\" cols=\"40\" rows=\"10\" class=\"wpcf7-form-control wpcf7-textarea Nachricht\" id=\"Nachricht\" aria-invalid=\"false\">Nachricht<\/textarea><\/span><\/p>\n<p><span class=\"wpcf7-form-control-wrap Datenschutz\"><span class=\"wpcf7-form-control wpcf7-acceptance\"><span class=\"wpcf7-list-item\"><label><input type=\"checkbox\" name=\"Datenschutz\" value=\"1\" aria-invalid=\"false\" \/><span class=\"wpcf7-list-item-label\">Ich stimme der Erkl\u00e4rung zum <a href=\"https:\/\/www.immobilien-schreiber.com\/2021\/datenschutzerklaerung\/\">Datenschutz<\/a> zu.<\/span><\/label><\/span><\/span><\/span><\/p>\n<p><input type=\"submit\" value=\"Senden\" class=\"wpcf7-form-control wpcf7-submit\" \/><\/p>\n<div class=\"wpcf7-response-output\" aria-hidden=\"true\"><\/div><\/form><\/div>\n<\/div><\/section><\/div>\n<div class=\"flex_column av_two_fifth  flex_column_div   avia-builder-el-19  el_after_av_three_fifth  el_before_av_section  avia-builder-el-last  \" style='border-width:3px; border-color:#19459d; border-style:solid; padding:20px; border-radius:0px; '><section class=\"av_textblock_section \"  itemscope=\"itemscope\" itemtype=\"https:\/\/schema.org\/BlogPosting\" itemprop=\"blogPost\" ><div class='avia_textblock  '   itemprop=\"text\" ><div class=\"textwidget\">\n<h3><img loading=\"lazy\" decoding=\"async\" class=\"alignright wp-image-2200\" src=\"https:\/\/www.immobilien-schreiber.com\/2021\/wp-content\/uploads\/2021\/02\/image-157479-b_1000px_fotografin-stephanie-scharschmidt-200x300.jpg\" alt=\"Immobilienmakler Krefeld\" width=\"133\" height=\"200\" srcset=\"https:\/\/www.immobilien-schreiber.com\/2021\/wp-content\/uploads\/2021\/02\/image-157479-b_1000px_fotografin-stephanie-scharschmidt-200x300.jpg 200w, https:\/\/www.immobilien-schreiber.com\/2021\/wp-content\/uploads\/2021\/02\/image-157479-b_1000px_fotografin-stephanie-scharschmidt-687x1030.jpg 687w, https:\/\/www.immobilien-schreiber.com\/2021\/wp-content\/uploads\/2021\/02\/image-157479-b_1000px_fotografin-stephanie-scharschmidt-768x1152.jpg 768w, https:\/\/www.immobilien-schreiber.com\/2021\/wp-content\/uploads\/2021\/02\/image-157479-b_1000px_fotografin-stephanie-scharschmidt-470x705.jpg 470w, https:\/\/www.immobilien-schreiber.com\/2021\/wp-content\/uploads\/2021\/02\/image-157479-b_1000px_fotografin-stephanie-scharschmidt.jpg 1000w\" sizes=\"auto, (max-width: 133px) 100vw, 133px\" \/>J\u00fcrgen Schreiber Immobilien<\/h3>\n<p><span  class=\"av_font_icon avia_animate_when_visible avia-icon-animate  av-icon-style-  avia-icon-pos-left \" style=\"color:#19459d; border-color:#19459d;\"><span class='av-icon-char' style='font-size:15px;line-height:15px;' aria-hidden='true' data-av_icon='\ue80a' data-av_iconfont='entypo-fontello' ><\/span><\/span> Gepr\u00fcfter Immobilienmakler (ILS)<br \/>\n<span  class=\"av_font_icon avia_animate_when_visible avia-icon-animate  av-icon-style-  avia-icon-pos-left \" style=\"color:#19459d; border-color:#19459d;\"><span class='av-icon-char' style='font-size:15px;line-height:15px;' aria-hidden='true' data-av_icon='\ue821' data-av_iconfont='entypo-fontello' ><\/span><\/span>Erich-Klausener-Stra\u00dfe 3<br \/>\n<span  class=\"av_font_icon avia_animate_when_visible avia-icon-animate  av-icon-style-  avia-icon-pos-left \" style=\"color:#19459d; border-color:#19459d;\"><span class='av-icon-char' style='font-size:15px;line-height:15px;' aria-hidden='true' data-av_icon='\ue821' data-av_iconfont='entypo-fontello' ><\/span><\/span>47802 Krefeld<br \/>\n<span  class=\"av_font_icon avia_animate_when_visible avia-icon-animate  av-icon-style-  avia-icon-pos-left \" style=\"color:#19459d; border-color:#19459d;\"><span class='av-icon-char' style='font-size:15px;line-height:15px;' aria-hidden='true' data-av_icon='\ue854' data-av_iconfont='entypo-fontello' ><\/span><\/span>Mobil: +49 (0) 173 2 51 76 31<br \/>\n<span  class=\"av_font_icon avia_animate_when_visible avia-icon-animate  av-icon-style-  avia-icon-pos-left \" style=\"color:#19459d; border-color:#19459d;\"><span class='av-icon-char' style='font-size:15px;line-height:15px;' aria-hidden='true' data-av_icon='\ue854' data-av_iconfont='entypo-fontello' ><\/span><\/span> Telefon: +49 (0) 2151 3 27 35 27<br \/>\n<span  class=\"av_font_icon avia_animate_when_visible avia-icon-animate  av-icon-style-  avia-icon-pos-left \" style=\"color:#19459d; border-color:#19459d;\"><span class='av-icon-char' style='font-size:15px;line-height:15px;' aria-hidden='true' data-av_icon='\ue805' data-av_iconfont='entypo-fontello' ><\/span><\/span>info@immobilien-schreiber.com<\/p>\n<\/div>\n<\/div><\/section><\/div><\/div><\/div><\/div><!-- close content main div --><\/div><\/div><div id='av_section_1'  class='avia-section main_color avia-section-no-padding avia-no-border-styling  avia-bg-style-scroll  avia-builder-el-27  el_after_av_two_fifth  avia-builder-el-last   container_wrap sidebar_right' style='background-color: rgba(25,69,157,0.11);  '  ><div class='container' ><div class='template-page content  av-content-small alpha units'><div class='post-entry post-entry-type-page post-entry-2679'><div class='entry-content-wrapper clearfix'>\n<div class=\"flex_column av_one_third  flex_column_div av-zero-column-padding first  avia-builder-el-28  el_before_av_one_third  avia-builder-el-first  \" style='border-radius:0px; '><div   data-autoplay='1'  data-interval='5'  data-animation='fade'  data-hoverpause='1'  class='avia-testimonial-wrapper avia-slider-testimonials avia-slider-2-testimonials avia_animate_when_almost_visible   '>\n<section class ='avia-testimonial-row'><div class='avia-testimonial av_one_half flex_column no_margin avia-testimonial-row-1 avia-first-testimonial' ><div class='avia-testimonial_inner'  itemscope=\"itemscope\" itemtype=\"https:\/\/schema.org\/BlogPosting\" itemprop=\"blogPost\" ><div class='avia-testimonial-content '  ><div class='avia-testimonial-markup-entry-content'  itemprop=\"text\" ><p><span  class=\"av_font_icon avia_animate_when_visible avia-icon-animate  av-icon-style-  avia-icon-pos-left \" style=\"color:#e8cd20; border-color:#e8cd20;\"><span class='av-icon-char' style='font-size:40px;line-height:40px;' aria-hidden='true' data-av_icon='\ue808' data-av_iconfont='entypo-fontello' ><\/span><\/span>\u00a0<span  class=\"av_font_icon avia_animate_when_visible avia-icon-animate  av-icon-style-  avia-icon-pos-left \" style=\"color:#e8cd20; border-color:#e8cd20;\"><span class='av-icon-char' style='font-size:40px;line-height:40px;' aria-hidden='true' data-av_icon='\ue808' data-av_iconfont='entypo-fontello' data-avia-icon-tooltip=\"[\/av_font_icon&lt;span  class=&quot;av_font_icon avia_animate_when_visible avia-icon-animate  av-icon-style-  avia-icon-pos-left &quot; style=&quot;color:#e8cd20; border-color:#e8cd20;&quot;&gt;&lt;span class='av-icon-char' style='font-size:40px;line-height:40px;' aria-hidden='true' data-av_icon='\ue808' data-av_iconfont='entypo-fontello' &gt;&lt;\/span&gt;&lt;\/span&gt;\"><\/span><\/span>\u00a0<span  class=\"av_font_icon avia_animate_when_visible avia-icon-animate  av-icon-style-  avia-icon-pos-left \" style=\"color:#e8cd20; border-color:#e8cd20;\"><span class='av-icon-char' style='font-size:40px;line-height:40px;' aria-hidden='true' data-av_icon='\ue808' data-av_iconfont='entypo-fontello' ><\/span><\/span><span  class=\"av_font_icon avia_animate_when_visible avia-icon-animate  av-icon-style-  avia-icon-pos-left \" style=\"color:#e8cd20; border-color:#e8cd20;\"><span class='av-icon-char' style='font-size:40px;line-height:40px;' aria-hidden='true' data-av_icon='\ue808' data-av_iconfont='entypo-fontello' ><\/span><\/span><span  class=\"av_font_icon avia_animate_when_visible avia-icon-animate  av-icon-style-  avia-icon-pos-left \" style=\"color:#e8cd20; border-color:#e8cd20;\"><span class='av-icon-char' style='font-size:40px;line-height:40px;' aria-hidden='true' data-av_icon='\ue808' data-av_iconfont='entypo-fontello' ><\/span><\/span><\/p>\n<hr \/>\n<p>Herr Schreiber ist ein freundlicher und sehr kompetenter Berater. Ich w\u00fcrde ihn ohne Zweifel und mit bestem Gewissen meiner Familie und meinen Freunden empfehlen. Man f\u00fchlt sich verstanden und rundum gut beraten.<\/p>\n<\/div><\/div><div class='avia-testimonial-meta'><div class='avia-testimonial-arrow-wrap'><div class='avia-arrow'><\/div><\/div><div class='avia-testimonial-meta-mini'  itemprop=\"author\" itemscope=\"itemscope\" itemtype=\"https:\/\/schema.org\/Person\" ><strong  class='avia-testimonial-name'   style='color:#19459d; '  itemprop=\"name\" >Scharschmidt<\/strong><\/div><\/div><\/div><\/div>\n<\/section><\/div><\/div><div class=\"flex_column av_one_third  flex_column_div av-zero-column-padding   avia-builder-el-36  el_after_av_one_third  el_before_av_one_third  \" style='border-radius:0px; '><div   data-autoplay='1'  data-interval='5'  data-animation='fade'  data-hoverpause='1'  class='avia-testimonial-wrapper avia-slider-testimonials avia-slider-2-testimonials avia_animate_when_almost_visible   '>\n<section class ='avia-testimonial-row'><div class='avia-testimonial av_one_half flex_column no_margin avia-testimonial-row-1 avia-first-testimonial' ><div class='avia-testimonial_inner'  itemscope=\"itemscope\" itemtype=\"https:\/\/schema.org\/BlogPosting\" itemprop=\"blogPost\" ><div class='avia-testimonial-content '  ><div class='avia-testimonial-markup-entry-content'  itemprop=\"text\" ><p><span  class=\"av_font_icon avia_animate_when_visible avia-icon-animate  av-icon-style-  avia-icon-pos-left \" style=\"color:#e8cd20; border-color:#e8cd20;\"><span class='av-icon-char' style='font-size:40px;line-height:40px;' aria-hidden='true' data-av_icon='\ue808' data-av_iconfont='entypo-fontello' ><\/span><\/span>\u00a0<span  class=\"av_font_icon avia_animate_when_visible avia-icon-animate  av-icon-style-  avia-icon-pos-left \" style=\"color:#e8cd20; border-color:#e8cd20;\"><span class='av-icon-char' style='font-size:40px;line-height:40px;' aria-hidden='true' data-av_icon='\ue808' data-av_iconfont='entypo-fontello' data-avia-icon-tooltip=\"[\/av_font_icon&lt;span  class=&quot;av_font_icon avia_animate_when_visible avia-icon-animate  av-icon-style-  avia-icon-pos-left &quot; style=&quot;color:#e8cd20; border-color:#e8cd20;&quot;&gt;&lt;span class='av-icon-char' style='font-size:40px;line-height:40px;' aria-hidden='true' data-av_icon='\ue808' data-av_iconfont='entypo-fontello' &gt;&lt;\/span&gt;&lt;\/span&gt;\"><\/span><\/span>\u00a0<span  class=\"av_font_icon avia_animate_when_visible avia-icon-animate  av-icon-style-  avia-icon-pos-left \" style=\"color:#e8cd20; border-color:#e8cd20;\"><span class='av-icon-char' style='font-size:40px;line-height:40px;' aria-hidden='true' data-av_icon='\ue808' data-av_iconfont='entypo-fontello' ><\/span><\/span><span  class=\"av_font_icon avia_animate_when_visible avia-icon-animate  av-icon-style-  avia-icon-pos-left \" style=\"color:#e8cd20; border-color:#e8cd20;\"><span class='av-icon-char' style='font-size:40px;line-height:40px;' aria-hidden='true' data-av_icon='\ue808' data-av_iconfont='entypo-fontello' ><\/span><\/span><span  class=\"av_font_icon avia_animate_when_visible avia-icon-animate  av-icon-style-  avia-icon-pos-left \" style=\"color:#e8cd20; border-color:#e8cd20;\"><span class='av-icon-char' style='font-size:40px;line-height:40px;' aria-hidden='true' data-av_icon='\ue808' data-av_iconfont='entypo-fontello' ><\/span><\/span><\/p>\n<hr \/>\n<p>Die Leistungen sind sehr professionell. Bei Herrn Schreiber hat man immer das Gef\u00fchl, dass alles in guten H\u00e4nden ist.<\/p>\n<\/div><\/div><div class='avia-testimonial-meta'><div class='avia-testimonial-arrow-wrap'><div class='avia-arrow'><\/div><\/div><div class='avia-testimonial-meta-mini'  itemprop=\"author\" itemscope=\"itemscope\" itemtype=\"https:\/\/schema.org\/Person\" ><strong  class='avia-testimonial-name'   style='color:#19459d; '  itemprop=\"name\" >Michael Wiedenh\u00f6ft<\/strong><\/div><\/div><\/div><\/div>\n<\/section><\/div><\/div><div class=\"flex_column av_one_third  flex_column_div av-zero-column-padding   avia-builder-el-44  el_after_av_one_third  avia-builder-el-last  \" style='border-radius:0px; '><div   data-autoplay='1'  data-interval='5'  data-animation='fade'  data-hoverpause='1'  class='avia-testimonial-wrapper avia-slider-testimonials avia-slider-2-testimonials avia_animate_when_almost_visible   '>\n<section class ='avia-testimonial-row'><div class='avia-testimonial av_one_half flex_column no_margin avia-testimonial-row-1 avia-first-testimonial' ><div class='avia-testimonial_inner'  itemscope=\"itemscope\" itemtype=\"https:\/\/schema.org\/BlogPosting\" itemprop=\"blogPost\" ><div class='avia-testimonial-content '  ><div class='avia-testimonial-markup-entry-content'  itemprop=\"text\" ><p><span  class=\"av_font_icon avia_animate_when_visible avia-icon-animate  av-icon-style-  avia-icon-pos-left \" style=\"color:#e8cd20; border-color:#e8cd20;\"><span class='av-icon-char' style='font-size:40px;line-height:40px;' aria-hidden='true' data-av_icon='\ue808' data-av_iconfont='entypo-fontello' ><\/span><\/span>\u00a0<span  class=\"av_font_icon avia_animate_when_visible avia-icon-animate  av-icon-style-  avia-icon-pos-left \" style=\"color:#e8cd20; border-color:#e8cd20;\"><span class='av-icon-char' style='font-size:40px;line-height:40px;' aria-hidden='true' data-av_icon='\ue808' data-av_iconfont='entypo-fontello' data-avia-icon-tooltip=\"[\/av_font_icon&lt;span  class=&quot;av_font_icon avia_animate_when_visible avia-icon-animate  av-icon-style-  avia-icon-pos-left &quot; style=&quot;color:#e8cd20; border-color:#e8cd20;&quot;&gt;&lt;span class='av-icon-char' style='font-size:40px;line-height:40px;' aria-hidden='true' data-av_icon='\ue808' data-av_iconfont='entypo-fontello' &gt;&lt;\/span&gt;&lt;\/span&gt;\"><\/span><\/span>\u00a0<span  class=\"av_font_icon avia_animate_when_visible avia-icon-animate  av-icon-style-  avia-icon-pos-left \" style=\"color:#e8cd20; border-color:#e8cd20;\"><span class='av-icon-char' style='font-size:40px;line-height:40px;' aria-hidden='true' data-av_icon='\ue808' data-av_iconfont='entypo-fontello' ><\/span><\/span><span  class=\"av_font_icon avia_animate_when_visible avia-icon-animate  av-icon-style-  avia-icon-pos-left \" style=\"color:#e8cd20; border-color:#e8cd20;\"><span class='av-icon-char' style='font-size:40px;line-height:40px;' aria-hidden='true' data-av_icon='\ue808' data-av_iconfont='entypo-fontello' ><\/span><\/span><span  class=\"av_font_icon avia_animate_when_visible avia-icon-animate  av-icon-style-  avia-icon-pos-left \" style=\"color:#e8cd20; border-color:#e8cd20;\"><span class='av-icon-char' style='font-size:40px;line-height:40px;' aria-hidden='true' data-av_icon='\ue808' data-av_iconfont='entypo-fontello' ><\/span><\/span><\/p>\n<hr \/>\n<p>Meine Frau und Ich waren von der Arbeit des Herrn Schreiber sehr begeistert. Seine Art mit Menschen umzugehen ist auf einer sehr vertrauensvollen Weise zu K\u00e4ufer und auch Verk\u00e4ufer sehr menschlich. \u00a0<a href=\"https:\/\/www.immobilien-schreiber.com\/2021\/kundenfeeback\/\">Jetzt mehr lesen.<\/a><\/p>\n<\/div><\/div><div class='avia-testimonial-meta'><div class='avia-testimonial-arrow-wrap'><div class='avia-arrow'><\/div><\/div><div class='avia-testimonial-meta-mini'  itemprop=\"author\" itemscope=\"itemscope\" itemtype=\"https:\/\/schema.org\/Person\" ><strong  class='avia-testimonial-name'   style='color:#19459d; '  itemprop=\"name\" >Marcus Benger<\/strong><\/div><\/div><\/div><\/div>\n<\/section><\/div><\/div>\n<\/div><\/div><\/div><!-- close content main div --><\/div><\/div><div id='after_section_1'  class='main_color av_default_container_wrap container_wrap sidebar_right' style=' '  ><div class='container' ><div class='template-page content  av-content-small alpha units'><div class='post-entry post-entry-type-page post-entry-2679'><div class='entry-content-wrapper clearfix'><\/p>\n","protected":false},"excerpt":{"rendered":"<p>Ort: Krefeld-Oppum<br \/>\nWohnfl\u00e4che: 76 m\u00b2<br \/>\nObjektart: Eigntumswohnung<br \/>\nKaufpreis: verkauft Euro<br \/>\nObjekt-Nr.: 4122<\/p>\n","protected":false},"author":2,"featured_media":2680,"comment_status":"open","ping_status":"open","sticky":false,"template":"","format":"standard","meta":{"footnotes":""},"categories":[24,28],"tags":[39,38,15,30,29],"class_list":["post-2679","post","type-post","status-publish","format-standard","has-post-thumbnail","hentry","category-kaufen","category-top-angebote-sligther-markler","tag-4-zimmer","tag-79-qm","tag-kauf","tag-krefeld","tag-wohnung"],"yoast_head":"<!-- This site is optimized with the Yoast SEO plugin v25.7 - https:\/\/yoast.com\/wordpress\/plugins\/seo\/ -->\n<title>Eigentumswohnung zentral gelegen - J\u00fcrgen Schreiber Immobilien (2021)<\/title>\n<meta name=\"description\" content=\"Ihr Immobilienmakler Krefeld und der Region \u2713 Kompetent \u2713 Freundlich \u2713 Engagiert \u260e 02151 3273537 \u27a4 Verkauf. Vermietung. Bewertung\" \/>\n<meta name=\"robots\" content=\"index, follow, max-snippet:-1, max-image-preview:large, max-video-preview:-1\" \/>\n<link rel=\"canonical\" href=\"https:\/\/www.immobilien-schreiber.com\/2021\/kaufen\/4129\/\" \/>\n<meta property=\"og:locale\" content=\"de_DE\" \/>\n<meta property=\"og:type\" content=\"article\" \/>\n<meta property=\"og:title\" content=\"Eigentumswohnung zentral gelegen - J\u00fcrgen Schreiber Immobilien (2021)\" \/>\n<meta property=\"og:description\" content=\"Ihr Immobilienmakler Krefeld und der Region \u2713 Kompetent \u2713 Freundlich \u2713 Engagiert \u260e 02151 3273537 \u27a4 Verkauf. Vermietung. Bewertung\" \/>\n<meta property=\"og:url\" content=\"https:\/\/www.immobilien-schreiber.com\/2021\/kaufen\/4129\/\" \/>\n<meta property=\"og:site_name\" content=\"J\u00fcrgen Schreiber Immobilien (2021)\" \/>\n<meta property=\"article:published_time\" content=\"2020-02-15T18:37:45+00:00\" \/>\n<meta property=\"article:modified_time\" content=\"2024-06-10T13:53:47+00:00\" \/>\n<meta property=\"og:image\" content=\"https:\/\/www.immobilien-schreiber.com\/2021\/wp-content\/uploads\/2021\/02\/IMG_1575.jpg\" \/>\n\t<meta property=\"og:image:width\" content=\"1000\" \/>\n\t<meta property=\"og:image:height\" content=\"666\" \/>\n\t<meta property=\"og:image:type\" content=\"image\/jpeg\" \/>\n<meta name=\"author\" content=\"support\" \/>\n<meta name=\"twitter:card\" content=\"summary_large_image\" \/>\n<meta name=\"twitter:label1\" content=\"Verfasst von\" \/>\n\t<meta name=\"twitter:data1\" content=\"support\" \/>\n\t<meta name=\"twitter:label2\" content=\"Gesch\u00e4tzte Lesezeit\" \/>\n\t<meta name=\"twitter:data2\" content=\"15\u00a0Minuten\" \/>\n<script type=\"application\/ld+json\" class=\"yoast-schema-graph\">{\"@context\":\"https:\/\/schema.org\",\"@graph\":[{\"@type\":\"Article\",\"@id\":\"https:\/\/www.immobilien-schreiber.com\/2021\/kaufen\/4129\/#article\",\"isPartOf\":{\"@id\":\"https:\/\/www.immobilien-schreiber.com\/2021\/kaufen\/4129\/\"},\"author\":{\"name\":\"support\",\"@id\":\"https:\/\/www.immobilien-schreiber.com\/2021\/#\/schema\/person\/3d65dc5e6bbb3b7c9beaf87744c0af1b\"},\"headline\":\"Eigentumswohnung zentral gelegen\",\"datePublished\":\"2020-02-15T18:37:45+00:00\",\"dateModified\":\"2024-06-10T13:53:47+00:00\",\"mainEntityOfPage\":{\"@id\":\"https:\/\/www.immobilien-schreiber.com\/2021\/kaufen\/4129\/\"},\"wordCount\":5444,\"commentCount\":0,\"publisher\":{\"@id\":\"https:\/\/www.immobilien-schreiber.com\/2021\/#organization\"},\"image\":{\"@id\":\"https:\/\/www.immobilien-schreiber.com\/2021\/kaufen\/4129\/#primaryimage\"},\"thumbnailUrl\":\"https:\/\/www.immobilien-schreiber.com\/2021\/wp-content\/uploads\/2021\/02\/IMG_1575.jpg\",\"keywords\":[\"4 Zimmer\",\"79 QM\",\"Kauf\",\"Krefeld\",\"Wohnung\"],\"articleSection\":[\"Kaufen (Haus, Wohnung - Privat)\",\"Top-Angebote-Sligther-Markler\"],\"inLanguage\":\"de\",\"potentialAction\":[{\"@type\":\"CommentAction\",\"name\":\"Comment\",\"target\":[\"https:\/\/www.immobilien-schreiber.com\/2021\/kaufen\/4129\/#respond\"]}]},{\"@type\":\"WebPage\",\"@id\":\"https:\/\/www.immobilien-schreiber.com\/2021\/kaufen\/4129\/\",\"url\":\"https:\/\/www.immobilien-schreiber.com\/2021\/kaufen\/4129\/\",\"name\":\"Eigentumswohnung zentral gelegen - J\u00fcrgen Schreiber Immobilien (2021)\",\"isPartOf\":{\"@id\":\"https:\/\/www.immobilien-schreiber.com\/2021\/#website\"},\"primaryImageOfPage\":{\"@id\":\"https:\/\/www.immobilien-schreiber.com\/2021\/kaufen\/4129\/#primaryimage\"},\"image\":{\"@id\":\"https:\/\/www.immobilien-schreiber.com\/2021\/kaufen\/4129\/#primaryimage\"},\"thumbnailUrl\":\"https:\/\/www.immobilien-schreiber.com\/2021\/wp-content\/uploads\/2021\/02\/IMG_1575.jpg\",\"datePublished\":\"2020-02-15T18:37:45+00:00\",\"dateModified\":\"2024-06-10T13:53:47+00:00\",\"description\":\"Ihr Immobilienmakler Krefeld und der Region \u2713 Kompetent \u2713 Freundlich \u2713 Engagiert \u260e 02151 3273537 \u27a4 Verkauf. Vermietung. Bewertung\",\"breadcrumb\":{\"@id\":\"https:\/\/www.immobilien-schreiber.com\/2021\/kaufen\/4129\/#breadcrumb\"},\"inLanguage\":\"de\",\"potentialAction\":[{\"@type\":\"ReadAction\",\"target\":[\"https:\/\/www.immobilien-schreiber.com\/2021\/kaufen\/4129\/\"]}]},{\"@type\":\"ImageObject\",\"inLanguage\":\"de\",\"@id\":\"https:\/\/www.immobilien-schreiber.com\/2021\/kaufen\/4129\/#primaryimage\",\"url\":\"https:\/\/www.immobilien-schreiber.com\/2021\/wp-content\/uploads\/2021\/02\/IMG_1575.jpg\",\"contentUrl\":\"https:\/\/www.immobilien-schreiber.com\/2021\/wp-content\/uploads\/2021\/02\/IMG_1575.jpg\",\"width\":1000,\"height\":666},{\"@type\":\"BreadcrumbList\",\"@id\":\"https:\/\/www.immobilien-schreiber.com\/2021\/kaufen\/4129\/#breadcrumb\",\"itemListElement\":[{\"@type\":\"ListItem\",\"position\":1,\"name\":\"Startseite\",\"item\":\"https:\/\/www.immobilien-schreiber.com\/2021\/immobilienmakler-krefeld\/\"},{\"@type\":\"ListItem\",\"position\":2,\"name\":\"Eigentumswohnung zentral gelegen\"}]},{\"@type\":\"WebSite\",\"@id\":\"https:\/\/www.immobilien-schreiber.com\/2021\/#website\",\"url\":\"https:\/\/www.immobilien-schreiber.com\/2021\/\",\"name\":\"J\u00fcrgen Schreiber Immobilien (2021)\",\"description\":\"Unsere Kompetenz, Ihre Sicherheit\",\"publisher\":{\"@id\":\"https:\/\/www.immobilien-schreiber.com\/2021\/#organization\"},\"potentialAction\":[{\"@type\":\"SearchAction\",\"target\":{\"@type\":\"EntryPoint\",\"urlTemplate\":\"https:\/\/www.immobilien-schreiber.com\/2021\/?s={search_term_string}\"},\"query-input\":{\"@type\":\"PropertyValueSpecification\",\"valueRequired\":true,\"valueName\":\"search_term_string\"}}],\"inLanguage\":\"de\"},{\"@type\":\"Organization\",\"@id\":\"https:\/\/www.immobilien-schreiber.com\/2021\/#organization\",\"name\":\"J\u00fcrgen Schreiber Immobilien (2021)\",\"url\":\"https:\/\/www.immobilien-schreiber.com\/2021\/\",\"logo\":{\"@type\":\"ImageObject\",\"inLanguage\":\"de\",\"@id\":\"https:\/\/www.immobilien-schreiber.com\/2021\/#\/schema\/logo\/image\/\",\"url\":\"https:\/\/www.immobilien-schreiber.com\/2021\/wp-content\/uploads\/2021\/02\/RZ_LOGO_Juergen-Schreiber-Imobilien-Logo_ertellt-von-kreativWerbung-eu_11-8-2014_RZ-scaled.jpg\",\"contentUrl\":\"https:\/\/www.immobilien-schreiber.com\/2021\/wp-content\/uploads\/2021\/02\/RZ_LOGO_Juergen-Schreiber-Imobilien-Logo_ertellt-von-kreativWerbung-eu_11-8-2014_RZ-scaled.jpg\",\"width\":2560,\"height\":1137,\"caption\":\"J\u00fcrgen Schreiber Immobilien (2021)\"},\"image\":{\"@id\":\"https:\/\/www.immobilien-schreiber.com\/2021\/#\/schema\/logo\/image\/\"}},{\"@type\":\"Person\",\"@id\":\"https:\/\/www.immobilien-schreiber.com\/2021\/#\/schema\/person\/3d65dc5e6bbb3b7c9beaf87744c0af1b\",\"name\":\"support\",\"image\":{\"@type\":\"ImageObject\",\"inLanguage\":\"de\",\"@id\":\"https:\/\/www.immobilien-schreiber.com\/2021\/#\/schema\/person\/image\/\",\"url\":\"https:\/\/secure.gravatar.com\/avatar\/3346edee826fc8e33a478349e2c14ff3c1c713f86c4608468cb15ab882ccb1e3?s=96&d=mm&r=g\",\"contentUrl\":\"https:\/\/secure.gravatar.com\/avatar\/3346edee826fc8e33a478349e2c14ff3c1c713f86c4608468cb15ab882ccb1e3?s=96&d=mm&r=g\",\"caption\":\"support\"},\"url\":\"https:\/\/www.immobilien-schreiber.com\/2021\/author\/support\/\"}]}<\/script>\n<!-- \/ Yoast SEO plugin. -->","yoast_head_json":{"title":"Eigentumswohnung zentral gelegen - J\u00fcrgen Schreiber Immobilien (2021)","description":"Ihr Immobilienmakler Krefeld und der Region \u2713 Kompetent \u2713 Freundlich \u2713 Engagiert \u260e 02151 3273537 \u27a4 Verkauf. Vermietung. Bewertung","robots":{"index":"index","follow":"follow","max-snippet":"max-snippet:-1","max-image-preview":"max-image-preview:large","max-video-preview":"max-video-preview:-1"},"canonical":"https:\/\/www.immobilien-schreiber.com\/2021\/kaufen\/4129\/","og_locale":"de_DE","og_type":"article","og_title":"Eigentumswohnung zentral gelegen - J\u00fcrgen Schreiber Immobilien (2021)","og_description":"Ihr Immobilienmakler Krefeld und der Region \u2713 Kompetent \u2713 Freundlich \u2713 Engagiert \u260e 02151 3273537 \u27a4 Verkauf. Vermietung. Bewertung","og_url":"https:\/\/www.immobilien-schreiber.com\/2021\/kaufen\/4129\/","og_site_name":"J\u00fcrgen Schreiber Immobilien (2021)","article_published_time":"2020-02-15T18:37:45+00:00","article_modified_time":"2024-06-10T13:53:47+00:00","og_image":[{"width":1000,"height":666,"url":"https:\/\/www.immobilien-schreiber.com\/2021\/wp-content\/uploads\/2021\/02\/IMG_1575.jpg","type":"image\/jpeg"}],"author":"support","twitter_card":"summary_large_image","twitter_misc":{"Verfasst von":"support","Gesch\u00e4tzte Lesezeit":"15\u00a0Minuten"},"schema":{"@context":"https:\/\/schema.org","@graph":[{"@type":"Article","@id":"https:\/\/www.immobilien-schreiber.com\/2021\/kaufen\/4129\/#article","isPartOf":{"@id":"https:\/\/www.immobilien-schreiber.com\/2021\/kaufen\/4129\/"},"author":{"name":"support","@id":"https:\/\/www.immobilien-schreiber.com\/2021\/#\/schema\/person\/3d65dc5e6bbb3b7c9beaf87744c0af1b"},"headline":"Eigentumswohnung zentral gelegen","datePublished":"2020-02-15T18:37:45+00:00","dateModified":"2024-06-10T13:53:47+00:00","mainEntityOfPage":{"@id":"https:\/\/www.immobilien-schreiber.com\/2021\/kaufen\/4129\/"},"wordCount":5444,"commentCount":0,"publisher":{"@id":"https:\/\/www.immobilien-schreiber.com\/2021\/#organization"},"image":{"@id":"https:\/\/www.immobilien-schreiber.com\/2021\/kaufen\/4129\/#primaryimage"},"thumbnailUrl":"https:\/\/www.immobilien-schreiber.com\/2021\/wp-content\/uploads\/2021\/02\/IMG_1575.jpg","keywords":["4 Zimmer","79 QM","Kauf","Krefeld","Wohnung"],"articleSection":["Kaufen (Haus, Wohnung - Privat)","Top-Angebote-Sligther-Markler"],"inLanguage":"de","potentialAction":[{"@type":"CommentAction","name":"Comment","target":["https:\/\/www.immobilien-schreiber.com\/2021\/kaufen\/4129\/#respond"]}]},{"@type":"WebPage","@id":"https:\/\/www.immobilien-schreiber.com\/2021\/kaufen\/4129\/","url":"https:\/\/www.immobilien-schreiber.com\/2021\/kaufen\/4129\/","name":"Eigentumswohnung zentral gelegen - J\u00fcrgen Schreiber Immobilien (2021)","isPartOf":{"@id":"https:\/\/www.immobilien-schreiber.com\/2021\/#website"},"primaryImageOfPage":{"@id":"https:\/\/www.immobilien-schreiber.com\/2021\/kaufen\/4129\/#primaryimage"},"image":{"@id":"https:\/\/www.immobilien-schreiber.com\/2021\/kaufen\/4129\/#primaryimage"},"thumbnailUrl":"https:\/\/www.immobilien-schreiber.com\/2021\/wp-content\/uploads\/2021\/02\/IMG_1575.jpg","datePublished":"2020-02-15T18:37:45+00:00","dateModified":"2024-06-10T13:53:47+00:00","description":"Ihr Immobilienmakler Krefeld und der Region \u2713 Kompetent \u2713 Freundlich \u2713 Engagiert \u260e 02151 3273537 \u27a4 Verkauf. Vermietung. Bewertung","breadcrumb":{"@id":"https:\/\/www.immobilien-schreiber.com\/2021\/kaufen\/4129\/#breadcrumb"},"inLanguage":"de","potentialAction":[{"@type":"ReadAction","target":["https:\/\/www.immobilien-schreiber.com\/2021\/kaufen\/4129\/"]}]},{"@type":"ImageObject","inLanguage":"de","@id":"https:\/\/www.immobilien-schreiber.com\/2021\/kaufen\/4129\/#primaryimage","url":"https:\/\/www.immobilien-schreiber.com\/2021\/wp-content\/uploads\/2021\/02\/IMG_1575.jpg","contentUrl":"https:\/\/www.immobilien-schreiber.com\/2021\/wp-content\/uploads\/2021\/02\/IMG_1575.jpg","width":1000,"height":666},{"@type":"BreadcrumbList","@id":"https:\/\/www.immobilien-schreiber.com\/2021\/kaufen\/4129\/#breadcrumb","itemListElement":[{"@type":"ListItem","position":1,"name":"Startseite","item":"https:\/\/www.immobilien-schreiber.com\/2021\/immobilienmakler-krefeld\/"},{"@type":"ListItem","position":2,"name":"Eigentumswohnung zentral gelegen"}]},{"@type":"WebSite","@id":"https:\/\/www.immobilien-schreiber.com\/2021\/#website","url":"https:\/\/www.immobilien-schreiber.com\/2021\/","name":"J\u00fcrgen Schreiber Immobilien (2021)","description":"Unsere Kompetenz, Ihre Sicherheit","publisher":{"@id":"https:\/\/www.immobilien-schreiber.com\/2021\/#organization"},"potentialAction":[{"@type":"SearchAction","target":{"@type":"EntryPoint","urlTemplate":"https:\/\/www.immobilien-schreiber.com\/2021\/?s={search_term_string}"},"query-input":{"@type":"PropertyValueSpecification","valueRequired":true,"valueName":"search_term_string"}}],"inLanguage":"de"},{"@type":"Organization","@id":"https:\/\/www.immobilien-schreiber.com\/2021\/#organization","name":"J\u00fcrgen Schreiber Immobilien (2021)","url":"https:\/\/www.immobilien-schreiber.com\/2021\/","logo":{"@type":"ImageObject","inLanguage":"de","@id":"https:\/\/www.immobilien-schreiber.com\/2021\/#\/schema\/logo\/image\/","url":"https:\/\/www.immobilien-schreiber.com\/2021\/wp-content\/uploads\/2021\/02\/RZ_LOGO_Juergen-Schreiber-Imobilien-Logo_ertellt-von-kreativWerbung-eu_11-8-2014_RZ-scaled.jpg","contentUrl":"https:\/\/www.immobilien-schreiber.com\/2021\/wp-content\/uploads\/2021\/02\/RZ_LOGO_Juergen-Schreiber-Imobilien-Logo_ertellt-von-kreativWerbung-eu_11-8-2014_RZ-scaled.jpg","width":2560,"height":1137,"caption":"J\u00fcrgen Schreiber Immobilien (2021)"},"image":{"@id":"https:\/\/www.immobilien-schreiber.com\/2021\/#\/schema\/logo\/image\/"}},{"@type":"Person","@id":"https:\/\/www.immobilien-schreiber.com\/2021\/#\/schema\/person\/3d65dc5e6bbb3b7c9beaf87744c0af1b","name":"support","image":{"@type":"ImageObject","inLanguage":"de","@id":"https:\/\/www.immobilien-schreiber.com\/2021\/#\/schema\/person\/image\/","url":"https:\/\/secure.gravatar.com\/avatar\/3346edee826fc8e33a478349e2c14ff3c1c713f86c4608468cb15ab882ccb1e3?s=96&d=mm&r=g","contentUrl":"https:\/\/secure.gravatar.com\/avatar\/3346edee826fc8e33a478349e2c14ff3c1c713f86c4608468cb15ab882ccb1e3?s=96&d=mm&r=g","caption":"support"},"url":"https:\/\/www.immobilien-schreiber.com\/2021\/author\/support\/"}]}},"_links":{"self":[{"href":"https:\/\/www.immobilien-schreiber.com\/2021\/wp-json\/wp\/v2\/posts\/2679","targetHints":{"allow":["GET"]}}],"collection":[{"href":"https:\/\/www.immobilien-schreiber.com\/2021\/wp-json\/wp\/v2\/posts"}],"about":[{"href":"https:\/\/www.immobilien-schreiber.com\/2021\/wp-json\/wp\/v2\/types\/post"}],"author":[{"embeddable":true,"href":"https:\/\/www.immobilien-schreiber.com\/2021\/wp-json\/wp\/v2\/users\/2"}],"replies":[{"embeddable":true,"href":"https:\/\/www.immobilien-schreiber.com\/2021\/wp-json\/wp\/v2\/comments?post=2679"}],"version-history":[{"count":13,"href":"https:\/\/www.immobilien-schreiber.com\/2021\/wp-json\/wp\/v2\/posts\/2679\/revisions"}],"predecessor-version":[{"id":2744,"href":"https:\/\/www.immobilien-schreiber.com\/2021\/wp-json\/wp\/v2\/posts\/2679\/revisions\/2744"}],"wp:featuredmedia":[{"embeddable":true,"href":"https:\/\/www.immobilien-schreiber.com\/2021\/wp-json\/wp\/v2\/media\/2680"}],"wp:attachment":[{"href":"https:\/\/www.immobilien-schreiber.com\/2021\/wp-json\/wp\/v2\/media?parent=2679"}],"wp:term":[{"taxonomy":"category","embeddable":true,"href":"https:\/\/www.immobilien-schreiber.com\/2021\/wp-json\/wp\/v2\/categories?post=2679"},{"taxonomy":"post_tag","embeddable":true,"href":"https:\/\/www.immobilien-schreiber.com\/2021\/wp-json\/wp\/v2\/tags?post=2679"}],"curies":[{"name":"wp","href":"https:\/\/api.w.org\/{rel}","templated":true}]}}